{"id":12,"date":"2021-10-29T09:19:04","date_gmt":"2021-10-29T09:19:04","guid":{"rendered":"https:\/\/grupohealthyroom.es\/blog\/?p=12"},"modified":"2022-07-08T09:22:46","modified_gmt":"2022-07-08T09:22:46","slug":"acufenos-origen-cervical","status":"publish","type":"post","link":"https:\/\/grupohealthyroom.es\/blog\/acufenos-origen-cervical\/","title":{"rendered":"Ac\u00fafenos de origen cervical"},"content":{"rendered":"\t\t<div data-elementor-type=\"wp-post\" data-elementor-id=\"12\" class=\"elementor elementor-12\" data-elementor-settings=\"[]\">\n\t\t\t\t\t\t<div class=\"elementor-inner\">\n\t\t\t\t\t\t\t<div class=\"elementor-section-wrap\">\n\t\t\t\t\t\t\t<section class=\"elementor-section elementor-top-section elementor-element elementor-element-4d0a07f7 elementor-section-full_width elementor-section-stretched elementor-section-height-default elementor-section-height-default\" data-id=\"4d0a07f7\" data-element_type=\"section\" data-settings=\"{&quot;stretch_section&quot;:&quot;section-stretched&quot;}\">\n\t\t\t\t\t\t<div class=\"elementor-container elementor-column-gap-no\">\n\t\t\t\t\t\t\t<div class=\"elementor-row\">\n\t\t\t\t\t<div class=\"elementor-column elementor-col-100 elementor-top-column elementor-element elementor-element-64bcd9cf\" data-id=\"64bcd9cf\" data-element_type=\"column\" data-settings=\"{&quot;background_background&quot;:&quot;classic&quot;}\">\n\t\t\t<div class=\"elementor-column-wrap elementor-element-populated\">\n\t\t\t\t\t<div class=\"elementor-background-overlay\"><\/div>\n\t\t\t\t\t\t\t<div class=\"elementor-widget-wrap\">\n\t\t\t\t\t\t<div class=\"elementor-element elementor-element-4b82e39 elementor-widget elementor-widget-heading\" data-id=\"4b82e39\" data-element_type=\"widget\" data-widget_type=\"heading.default\">\n\t\t\t\t<div class=\"elementor-widget-container\">\n\t\t\t<h1 class=\"elementor-heading-title elementor-size-xl\"><span id=\"Acufenos-de-origen-cervical\">Ac\u00fafenos de origen cervical<\/span><\/h1>\t\t<\/div>\n\t\t\t\t<\/div>\n\t\t\t\t\t\t<\/div>\n\t\t\t\t\t<\/div>\n\t\t<\/div>\n\t\t\t\t\t\t\t\t<\/div>\n\t\t\t\t\t<\/div>\n\t\t<\/section>\n\t\t\t\t<section class=\"elementor-section elementor-top-section elementor-element elementor-element-524c24e1 elementor-section-boxed elementor-section-height-default elementor-section-height-default\" data-id=\"524c24e1\" data-element_type=\"section\">\n\t\t\t\t\t\t<div class=\"elementor-container elementor-column-gap-default\">\n\t\t\t\t\t\t\t<div class=\"elementor-row\">\n\t\t\t\t\t<div class=\"elementor-column elementor-col-100 elementor-top-column elementor-element elementor-element-40767753\" data-id=\"40767753\" data-element_type=\"column\">\n\t\t\t<div class=\"elementor-column-wrap elementor-element-populated\">\n\t\t\t\t\t\t\t<div class=\"elementor-widget-wrap\">\n\t\t\t\t\t\t<div class=\"elementor-element elementor-element-5f5130b5 elementor-widget elementor-widget-text-editor\" data-id=\"5f5130b5\" data-element_type=\"widget\" data-widget_type=\"text-editor.default\">\n\t\t\t\t<div class=\"elementor-widget-container\">\n\t\t\t\t\t\t\t\t<div class=\"elementor-text-editor elementor-clearfix\">\n\t\t\t\t<p><div id=\"toc_container\" class=\"toc_transparent no_bullets\"><p class=\"toc_title\">Contenidos<\/p><ul class=\"toc_list\"><li><a href=\"#Acufenos-de-origen-cervical\">Ac\u00fafenos de origen cervical<\/a><ul><li><a href=\"#Tratamiento-acufenos-cervicales\">Tratamiento ac\u00fafenos cervicales<\/a><ul><li><a href=\"#Dolor-referido-supra-espinoso\">\n\t\t\t\n\t\t\t\tDolor referido supra espinoso\t\t\t\n\t\t<\/a><\/li><li><a href=\"#Lesiones-tipicas-en-el-deporte\">\n\t\t\t\n\t\t\t\tLesiones t\u00edpicas en el deporte\t\t\t\n\t\t<\/a><\/li><li><a href=\"#Que-es-la-condropatia-rotuliana\">\n\t\t\t\n\t\t\t\t\u00bfQu\u00e9 es la condropat\u00eda rotuliana?\t\t\t\n\t\t<\/a><\/li><li><a href=\"#El-sindrome-piramidal-que-es-sintomas-y-tratamiento\">\n\t\t\t\n\t\t\t\tEl s\u00edndrome piramidal: qu\u00e9 es, s\u00edntomas y tratamiento\t\t\t\n\t\t<\/a><\/li><li><a href=\"#La-fisioterapia-en-el-abordaje-de-la-fasciopatia-plantar\">\n\t\t\t\n\t\t\t\tLa fisioterapia en el abordaje de la fasciopat\u00eda plantar\t\t\t\n\t\t<\/a><\/li><li><a href=\"#Tratamiento-de-la-condropatia-rotuliana\">\n\t\t\t\n\t\t\t\tTratamiento de la condropat\u00eda rotuliana\t\t\t\n\t\t<\/a><\/li><\/ul><\/li><\/ul><\/li><\/ul><\/div>\n<\/p><p>Los ac\u00fafenos o tinnitus se definen como la sensaci\u00f3n de sonido externo en el aparato auditivo que puede estar producido por diversas causas: alteraciones auditivas, nerviosas, cervicales o temporomandibulares.\u00a0<\/p><p>En cuanto a tratamiento fisioter\u00e1pico depender\u00e1 del origen y se centrar\u00e1 en los \u00faltimos mencionados, que suelen tener las siguientes causas:<\/p><ul><li><strong>Alteraci\u00f3n nerviosa<\/strong>: Irritaci\u00f3n nerviosa a nivel del nervio aurico-temporal, rama del nervio trig\u00e9mino<\/li><li><strong>Alteraci\u00f3n cervical:\u00a0<\/strong>\u00a0Posicionamiento de la cabeza, debilidad de la musculatura profunda y aumento de tensi\u00f3n en la musculatura superficial del cuello, que puede generar una disfunci\u00f3n temporo-mandibular y esta, a su vez, afectar al nervio previamente mencionado.<\/li><\/ul><ul><li><strong>Alteraci\u00f3n de la articulaci\u00f3n temporo-mandibular<\/strong>: La ATM es el conjunto de diferentes estructuras tales como la mand\u00edbula, cr\u00e1neo, cara y cuello. Su alteraci\u00f3n se define como un trastorno asociado normalmente a dolores mandibulares por aumento de tensi\u00f3n en la musculatura, aumento de la sensibilidad de la zona, limitaci\u00f3n de apertura o bloqueo bucal, entre otros.<\/li><\/ul><p>Debido a estos tres factores interrelacionados, en caso de sufrir ac\u00fafenos, la fisioterapia se centrar\u00e1 en\u00a0<strong><em>mejorar las alteraciones posturales de cabeza y cuello<\/em><\/strong>\u00a0que el paciente pueda presentar<strong><em>; disminuci\u00f3n de tensi\u00f3n<\/em><\/strong>\u00a0de la musculatura superficial\u00a0<strong><em>y aumento de fuerza<\/em><\/strong>\u00a0de la musculatura profunda, el\u00a0<strong><em>tratamiento del dolor<\/em><\/strong>\u00a0(puntos dolorosos, alteraciones sensitivas) y\u00a0<strong><em>estimulaci\u00f3n nerviosa.<\/em><\/strong><\/p><h2><span id=\"Tratamiento-acufenos-cervicales\">Tratamiento ac\u00fafenos cervicales<\/span><\/h2><p>Y, \u00bfc\u00f3mo hacemos esto? Los <a href=\"https:\/\/grupohealthyroom.es\/\">fisioterapeutas Alicante<\/a> te damos las claves. Aunque cada caso es personal y depender\u00e1 de la valoraci\u00f3n inicial las diferentes t\u00e9cnicas fisioter\u00e1picas empleadas para alcanzar los objetivos anteriores podr\u00edan ser:<\/p><ul><li>Terapia Manual centrada en movilizaciones seg\u00fan el nivel de sensibilidad del paciente.<\/li><li>T\u00e9cnicas Miofasciales.<\/li><li>Ejercicio activo para estimular y aumentar fuerza en la musculatura profunda cervical.<\/li><li>Estiramientos activos para estimular y relajar la musculatura superficial cervical.<\/li><li>Tratamiento manual, seg\u00fan el paciente, en zona cervical, mandibular, suboccipital y craneal.<\/li><li>Electropunci\u00f3n de zonas dolorosas<\/li><li>Neuromodulaci\u00f3n<\/li><\/ul><p>Sin embargo, tambi\u00e9n existe un porcentaje de probabilidad de que esos ac\u00fafenos tengan su origen por una lesi\u00f3n o alteraci\u00f3n del propio sistema auditivo. Si pasadas varias sesiones tu problema no remite, te aconsejaremos visitar a un otorrino.\u00a0<\/p><p>Si sufres este problema y necesitas una valoraci\u00f3n y opini\u00f3n desde la fisioterapia, en Grupo Healthyroom estamos dispuestos a ayudarte. \u00a1Te esperamos!<\/p>\t\t\t\t\t<\/div>\n\t\t\t\t\t\t<\/div>\n\t\t\t\t<\/div>\n\t\t\t\t\t\t<\/div>\n\t\t\t\t\t<\/div>\n\t\t<\/div>\n\t\t\t\t\t\t\t\t<\/div>\n\t\t\t\t\t<\/div>\n\t\t<\/section>\n\t\t\t\t<section class=\"elementor-section elementor-inner-section elementor-element elementor-element-462acd4c elementor-section-boxed elementor-section-height-default elementor-section-height-default\" data-id=\"462acd4c\" data-element_type=\"section\">\n\t\t\t\t\t\t<div class=\"elementor-container elementor-column-gap-default\">\n\t\t\t\t\t\t\t<div class=\"elementor-row\">\n\t\t\t\t\t<div class=\"elementor-column elementor-col-100 elementor-inner-column elementor-element elementor-element-25d2d380\" data-id=\"25d2d380\" data-element_type=\"column\">\n\t\t\t<div class=\"elementor-column-wrap elementor-element-populated\">\n\t\t\t\t\t\t\t<div class=\"elementor-widget-wrap\">\n\t\t\t\t\t\t<div class=\"elementor-element elementor-element-349f604 elementor-widget elementor-widget-shortcode\" data-id=\"349f604\" data-element_type=\"widget\" data-widget_type=\"shortcode.default\">\n\t\t\t\t<div class=\"elementor-widget-container\">\n\t\t\t\t\t<div class=\"elementor-shortcode\"><\/div>\n\t\t\t\t<\/div>\n\t\t\t\t<\/div>\n\t\t\t\t\t\t<\/div>\n\t\t\t\t\t<\/div>\n\t\t<\/div>\n\t\t\t\t\t\t\t\t<\/div>\n\t\t\t\t\t<\/div>\n\t\t<\/section>\n\t\t\t\t<section class=\"elementor-section elementor-top-section elementor-element elementor-element-1c7fbfb7 elementor-section-boxed elementor-section-height-default elementor-section-height-default\" data-id=\"1c7fbfb7\" data-element_type=\"section\">\n\t\t\t\t\t\t<div class=\"elementor-container elementor-column-gap-default\">\n\t\t\t\t\t\t\t<div class=\"elementor-row\">\n\t\t\t\t\t<div class=\"elementor-column elementor-col-100 elementor-top-column elementor-element elementor-element-791449de\" data-id=\"791449de\" data-element_type=\"column\">\n\t\t\t<div class=\"elementor-column-wrap elementor-element-populated\">\n\t\t\t\t\t\t\t<div class=\"elementor-widget-wrap\">\n\t\t\t\t\t\t<div class=\"elementor-element elementor-element-27079899 elementor-widget elementor-widget-heading\" data-id=\"27079899\" data-element_type=\"widget\" data-widget_type=\"heading.default\">\n\t\t\t\t<div class=\"elementor-widget-container\">\n\t\t\t<p class=\"elementor-heading-title elementor-size-default\">Entradas relacionadas<\/p>\t\t<\/div>\n\t\t\t\t<\/div>\n\t\t\t\t<div class=\"elementor-element elementor-element-2654719c elementor-grid-3 elementor-grid-tablet-2 elementor-grid-mobile-1 elementor-posts--thumbnail-top elementor-card-shadow-yes elementor-posts__hover-gradient elementor-widget elementor-widget-posts\" data-id=\"2654719c\" data-element_type=\"widget\" data-settings=\"{&quot;cards_columns&quot;:&quot;3&quot;,&quot;cards_columns_tablet&quot;:&quot;2&quot;,&quot;cards_columns_mobile&quot;:&quot;1&quot;,&quot;cards_row_gap&quot;:{&quot;unit&quot;:&quot;px&quot;,&quot;size&quot;:35,&quot;sizes&quot;:[]},&quot;cards_row_gap_tablet&quot;:{&quot;unit&quot;:&quot;px&quot;,&quot;size&quot;:&quot;&quot;,&quot;sizes&quot;:[]},&quot;cards_row_gap_mobile&quot;:{&quot;unit&quot;:&quot;px&quot;,&quot;size&quot;:&quot;&quot;,&quot;sizes&quot;:[]}}\" data-widget_type=\"posts.cards\">\n\t\t\t\t<div class=\"elementor-widget-container\">\n\t\t\t\t\t<div class=\"elementor-posts-container elementor-posts elementor-posts--skin-cards elementor-grid\">\n\t\t\t\t<article class=\"elementor-post elementor-grid-item post-1398 post type-post status-publish format-standard has-post-thumbnail hentry category-dolencias\">\n\t\t\t<div class=\"elementor-post__card\">\n\t\t\t\t<a class=\"elementor-post__thumbnail__link\" href=\"https:\/\/grupohealthyroom.es\/blog\/dolor-referido-supra-espinoso\/\" ><div class=\"elementor-post__thumbnail\"><img decoding=\"async\" width=\"300\" height=\"225\" src=\"https:\/\/grupohealthyroom.es\/blog\/wp-content\/uploads\/2022\/09\/supraespinoso-300x225.jpg\" class=\"attachment-medium size-medium\" alt=\"\" srcset=\"https:\/\/grupohealthyroom.es\/blog\/wp-content\/uploads\/2022\/09\/supraespinoso-300x225.jpg 300w, https:\/\/grupohealthyroom.es\/blog\/wp-content\/uploads\/2022\/09\/supraespinoso-768x576.jpg 768w, https:\/\/grupohealthyroom.es\/blog\/wp-content\/uploads\/2022\/09\/supraespinoso.jpg 800w\" sizes=\"(max-width: 300px) 100vw, 300px\" \/><\/div><\/a>\n\t\t\t\t<div class=\"elementor-post__text\">\n\t\t\t\t<h3 class=\"elementor-post__title\"><span id=\"Dolor-referido-supra-espinoso\">\n\t\t\t<a href=\"https:\/\/grupohealthyroom.es\/blog\/dolor-referido-supra-espinoso\/\" >\n\t\t\t\tDolor referido supra espinoso\t\t\t<\/a>\n\t\t<\/span><\/h3>\n\t\t\t\t<div class=\"elementor-post__excerpt\">\n\t\t\t<p>El supraespinoso es un m\u00fasculo del conjunto articular del hombro que se ubica en la fosa supraescapular. Junto con el infraespinoso, subescapular y redondo menor<\/p>\n\t\t<\/div>\n\t\t\t\t<\/div>\n\t\t\t\t<div class=\"elementor-post__meta-data\">\n\t\t\t\t\t<span class=\"elementor-post-date\">\n\t\t\tseptiembre 22, 2022\t\t<\/span>\n\t\t\t\t<\/div>\n\t\t\t\t\t<\/div>\n\t\t<\/article>\n\t\t\t\t<article class=\"elementor-post elementor-grid-item post-1335 post type-post status-publish format-standard has-post-thumbnail hentry category-dolencias\">\n\t\t\t<div class=\"elementor-post__card\">\n\t\t\t\t<a class=\"elementor-post__thumbnail__link\" href=\"https:\/\/grupohealthyroom.es\/blog\/lesiones-tipicas-en-el-deporte\/\" ><div class=\"elementor-post__thumbnail\"><img decoding=\"async\" width=\"300\" height=\"225\" src=\"https:\/\/grupohealthyroom.es\/blog\/wp-content\/uploads\/2022\/07\/lesiones-deportivas-300x225.jpg\" class=\"attachment-medium size-medium\" alt=\"\" srcset=\"https:\/\/grupohealthyroom.es\/blog\/wp-content\/uploads\/2022\/07\/lesiones-deportivas-300x225.jpg 300w, https:\/\/grupohealthyroom.es\/blog\/wp-content\/uploads\/2022\/07\/lesiones-deportivas-768x576.jpg 768w, https:\/\/grupohealthyroom.es\/blog\/wp-content\/uploads\/2022\/07\/lesiones-deportivas.jpg 800w\" sizes=\"(max-width: 300px) 100vw, 300px\" \/><\/div><\/a>\n\t\t\t\t<div class=\"elementor-post__text\">\n\t\t\t\t<h3 class=\"elementor-post__title\"><span id=\"Lesiones-tipicas-en-el-deporte\">\n\t\t\t<a href=\"https:\/\/grupohealthyroom.es\/blog\/lesiones-tipicas-en-el-deporte\/\" >\n\t\t\t\tLesiones t\u00edpicas en el deporte\t\t\t<\/a>\n\t\t<\/span><\/h3>\n\t\t\t\t<div class=\"elementor-post__excerpt\">\n\t\t\t<p>La lesi\u00f3n en el deporte es algo m\u00e1s habitual de lo que pensamos. No solo en grandes atletas que entrenan horas y horas, cualquier deportista<\/p>\n\t\t<\/div>\n\t\t\t\t<\/div>\n\t\t\t\t<div class=\"elementor-post__meta-data\">\n\t\t\t\t\t<span class=\"elementor-post-date\">\n\t\t\tmayo 27, 2022\t\t<\/span>\n\t\t\t\t<\/div>\n\t\t\t\t\t<\/div>\n\t\t<\/article>\n\t\t\t\t<article class=\"elementor-post elementor-grid-item post-1067 post type-post status-publish format-standard has-post-thumbnail hentry category-dolencias\">\n\t\t\t<div class=\"elementor-post__card\">\n\t\t\t\t<a class=\"elementor-post__thumbnail__link\" href=\"https:\/\/grupohealthyroom.es\/blog\/que-es-la-condropatia-rotuliana\/\" ><div class=\"elementor-post__thumbnail\"><img decoding=\"async\" width=\"300\" height=\"200\" src=\"https:\/\/grupohealthyroom.es\/blog\/wp-content\/uploads\/2022\/03\/condropatia-rotuliana-300x200.jpg\" class=\"attachment-medium size-medium\" alt=\"\" srcset=\"https:\/\/grupohealthyroom.es\/blog\/wp-content\/uploads\/2022\/03\/condropatia-rotuliana-300x200.jpg 300w, https:\/\/grupohealthyroom.es\/blog\/wp-content\/uploads\/2022\/03\/condropatia-rotuliana-768x512.jpg 768w, https:\/\/grupohealthyroom.es\/blog\/wp-content\/uploads\/2022\/03\/condropatia-rotuliana.jpg 800w\" sizes=\"(max-width: 300px) 100vw, 300px\" \/><\/div><\/a>\n\t\t\t\t<div class=\"elementor-post__text\">\n\t\t\t\t<h3 class=\"elementor-post__title\"><span id=\"Que-es-la-condropatia-rotuliana\">\n\t\t\t<a href=\"https:\/\/grupohealthyroom.es\/blog\/que-es-la-condropatia-rotuliana\/\" >\n\t\t\t\t\u00bfQu\u00e9 es la condropat\u00eda rotuliana?\t\t\t<\/a>\n\t\t<\/span><\/h3>\n\t\t\t\t<div class=\"elementor-post__excerpt\">\n\t\t\t<p>La condropat\u00eda rotuliana es la lesi\u00f3n o alteraci\u00f3n del cart\u00edlago articular de la r\u00f3tula y se manifiesta sobre todo con dolor en la parte anterior<\/p>\n\t\t<\/div>\n\t\t\t\t<\/div>\n\t\t\t\t<div class=\"elementor-post__meta-data\">\n\t\t\t\t\t<span class=\"elementor-post-date\">\n\t\t\tmarzo 15, 2022\t\t<\/span>\n\t\t\t\t<\/div>\n\t\t\t\t\t<\/div>\n\t\t<\/article>\n\t\t\t\t<article class=\"elementor-post elementor-grid-item post-1116 post type-post status-publish format-standard has-post-thumbnail hentry category-dolencias\">\n\t\t\t<div class=\"elementor-post__card\">\n\t\t\t\t<a class=\"elementor-post__thumbnail__link\" href=\"https:\/\/grupohealthyroom.es\/blog\/el-sindrome-piramidal-que-es-sintomas-y-tratamiento\/\" ><div class=\"elementor-post__thumbnail\"><img decoding=\"async\" width=\"300\" height=\"206\" src=\"https:\/\/grupohealthyroom.es\/blog\/wp-content\/uploads\/2022\/03\/sindrome-piramidal-300x206.jpg\" class=\"attachment-medium size-medium\" alt=\"\" srcset=\"https:\/\/grupohealthyroom.es\/blog\/wp-content\/uploads\/2022\/03\/sindrome-piramidal-300x206.jpg 300w, https:\/\/grupohealthyroom.es\/blog\/wp-content\/uploads\/2022\/03\/sindrome-piramidal-768x528.jpg 768w, https:\/\/grupohealthyroom.es\/blog\/wp-content\/uploads\/2022\/03\/sindrome-piramidal.jpg 1000w\" sizes=\"(max-width: 300px) 100vw, 300px\" \/><\/div><\/a>\n\t\t\t\t<div class=\"elementor-post__text\">\n\t\t\t\t<h3 class=\"elementor-post__title\"><span id=\"El-sindrome-piramidal-que-es-sintomas-y-tratamiento\">\n\t\t\t<a href=\"https:\/\/grupohealthyroom.es\/blog\/el-sindrome-piramidal-que-es-sintomas-y-tratamiento\/\" >\n\t\t\t\tEl s\u00edndrome piramidal: qu\u00e9 es, s\u00edntomas y tratamiento\t\t\t<\/a>\n\t\t<\/span><\/h3>\n\t\t\t\t<div class=\"elementor-post__excerpt\">\n\t\t\t<p>\u00bfQu\u00e9 es el s\u00edndrome piramidal? El si\u0301ndrome piramidal o piriforme, es una alteraci\u00f3n provocada debido a un atrapamiento o compresi\u00f3n del nervio ci\u00e1tico, que discurre<\/p>\n\t\t<\/div>\n\t\t\t\t<\/div>\n\t\t\t\t<div class=\"elementor-post__meta-data\">\n\t\t\t\t\t<span class=\"elementor-post-date\">\n\t\t\tmarzo 1, 2022\t\t<\/span>\n\t\t\t\t<\/div>\n\t\t\t\t\t<\/div>\n\t\t<\/article>\n\t\t\t\t<article class=\"elementor-post elementor-grid-item post-614 post type-post status-publish format-standard has-post-thumbnail hentry category-dolencias\">\n\t\t\t<div class=\"elementor-post__card\">\n\t\t\t\t<a class=\"elementor-post__thumbnail__link\" href=\"https:\/\/grupohealthyroom.es\/blog\/la-fisioterapia-en-el-abordaje-de-la-fasciopatia-plantar\/\" ><div class=\"elementor-post__thumbnail\"><img decoding=\"async\" width=\"300\" height=\"169\" src=\"https:\/\/grupohealthyroom.es\/blog\/wp-content\/uploads\/2022\/01\/fascitis-plantar-300x169.jpg\" class=\"attachment-medium size-medium\" alt=\"\" srcset=\"https:\/\/grupohealthyroom.es\/blog\/wp-content\/uploads\/2022\/01\/fascitis-plantar-300x169.jpg 300w, https:\/\/grupohealthyroom.es\/blog\/wp-content\/uploads\/2022\/01\/fascitis-plantar-768x432.jpg 768w, https:\/\/grupohealthyroom.es\/blog\/wp-content\/uploads\/2022\/01\/fascitis-plantar.jpg 1000w\" sizes=\"(max-width: 300px) 100vw, 300px\" \/><\/div><\/a>\n\t\t\t\t<div class=\"elementor-post__text\">\n\t\t\t\t<h3 class=\"elementor-post__title\"><span id=\"La-fisioterapia-en-el-abordaje-de-la-fasciopatia-plantar\">\n\t\t\t<a href=\"https:\/\/grupohealthyroom.es\/blog\/la-fisioterapia-en-el-abordaje-de-la-fasciopatia-plantar\/\" >\n\t\t\t\tLa fisioterapia en el abordaje de la fasciopat\u00eda plantar\t\t\t<\/a>\n\t\t<\/span><\/h3>\n\t\t\t\t<div class=\"elementor-post__excerpt\">\n\t\t\t<p>S\u00edntomas de la fascitis plantar La fasciopat\u00eda plantar o fascits plantar se define como una degeneraci\u00f3n del tejido de la planta del pie que suele<\/p>\n\t\t<\/div>\n\t\t\t\t<\/div>\n\t\t\t\t<div class=\"elementor-post__meta-data\">\n\t\t\t\t\t<span class=\"elementor-post-date\">\n\t\t\tenero 13, 2022\t\t<\/span>\n\t\t\t\t<\/div>\n\t\t\t\t\t<\/div>\n\t\t<\/article>\n\t\t\t\t<article class=\"elementor-post elementor-grid-item post-608 post type-post status-publish format-standard has-post-thumbnail hentry category-dolencias\">\n\t\t\t<div class=\"elementor-post__card\">\n\t\t\t\t<a class=\"elementor-post__thumbnail__link\" href=\"https:\/\/grupohealthyroom.es\/blog\/tratamiento-de-la-condropatia-rotuliana\/\" ><div class=\"elementor-post__thumbnail\"><img decoding=\"async\" width=\"300\" height=\"200\" src=\"https:\/\/grupohealthyroom.es\/blog\/wp-content\/uploads\/2022\/01\/condropatia-rotuliana-300x200.jpg\" class=\"attachment-medium size-medium\" alt=\"condropatia-rotuliana\" srcset=\"https:\/\/grupohealthyroom.es\/blog\/wp-content\/uploads\/2022\/01\/condropatia-rotuliana-300x200.jpg 300w, https:\/\/grupohealthyroom.es\/blog\/wp-content\/uploads\/2022\/01\/condropatia-rotuliana-768x513.jpg 768w, https:\/\/grupohealthyroom.es\/blog\/wp-content\/uploads\/2022\/01\/condropatia-rotuliana.jpg 1000w\" sizes=\"(max-width: 300px) 100vw, 300px\" \/><\/div><\/a>\n\t\t\t\t<div class=\"elementor-post__text\">\n\t\t\t\t<h3 class=\"elementor-post__title\"><span id=\"Tratamiento-de-la-condropatia-rotuliana\">\n\t\t\t<a href=\"https:\/\/grupohealthyroom.es\/blog\/tratamiento-de-la-condropatia-rotuliana\/\" >\n\t\t\t\tTratamiento de la condropat\u00eda rotuliana\t\t\t<\/a>\n\t\t<\/span><\/h3>\n\t\t\t\t<div class=\"elementor-post__excerpt\">\n\t\t\t<p>Qu\u00e9 es la condropat\u00eda rotuliana La condropat\u00eda rotuliana es la afectaci\u00f3n degenerativa del cart\u00edlago articular de la r\u00f3tula.\u00a0 Los 3 principales huesos que componen la<\/p>\n\t\t<\/div>\n\t\t\t\t<\/div>\n\t\t\t\t<div class=\"elementor-post__meta-data\">\n\t\t\t\t\t<span class=\"elementor-post-date\">\n\t\t\tenero 13, 2022\t\t<\/span>\n\t\t\t\t<\/div>\n\t\t\t\t\t<\/div>\n\t\t<\/article>\n\t\t\t\t<\/div>\n\n\n\t\t\n\t\t\t\t<\/div>\n\t\t\t\t<\/div>\n\t\t\t\t\t\t<\/div>\n\t\t\t\t\t<\/div>\n\t\t<\/div>\n\t\t\t\t\t\t\t\t<\/div>\n\t\t\t\t\t<\/div>\n\t\t<\/section>\n\t\t\t\t\t\t<\/div>\n\t\t\t\t\t\t<\/div>\n\t\t\t\t\t<\/div>\n\t\t","protected":false},"excerpt":{"rendered":"<p>Ac\u00fafenos de origen cervical Los ac\u00fafenos o tinnitus se definen como la sensaci\u00f3n de sonido externo en el aparato auditivo que puede estar producido por diversas causas: alteraciones auditivas, nerviosas, cervicales o temporomandibulares.\u00a0 En cuanto a tratamiento fisioter\u00e1pico depender\u00e1 del origen y se centrar\u00e1 en los \u00faltimos mencionados, que suelen tener las siguientes causas: Alteraci\u00f3n &#8230; <a title=\"Tratamiento de la condropat\u00eda rotuliana\" class=\"read-more\" href=\"https:\/\/grupohealthyroom.es\/blog\/tratamiento-de-la-condropatia-rotuliana\/\" aria-label=\"M\u00e1s en Tratamiento de la condropat\u00eda rotuliana\">Leer m\u00e1s<\/a><\/p>\n","protected":false},"author":3,"featured_media":16,"comment_status":"closed","ping_status":"closed","sticky":false,"template":"elementor_header_footer","format":"standard","meta":{"footnotes":""},"categories":[5],"tags":[],"class_list":["post-12","post","type-post","status-publish","format-standard","has-post-thumbnail","hentry","category-dolencias"],"yoast_head":"<!-- This site is optimized with the Yoast SEO plugin v19.5 - https:\/\/yoast.com\/wordpress\/plugins\/seo\/ -->\n<title>\u226b Ac\u00fafenos de origen cervical \u229b Blog Grupo Healthy Room<\/title>\n<meta name=\"robots\" content=\"index, follow, max-snippet:-1, max-image-preview:large, max-video-preview:-1\" \/>\n<link rel=\"canonical\" href=\"https:\/\/grupohealthyroom.es\/blog\/acufenos-origen-cervical\/\" \/>\n<meta property=\"og:locale\" content=\"es_ES\" \/>\n<meta property=\"og:type\" content=\"article\" \/>\n<meta property=\"og:title\" content=\"\u226b Ac\u00fafenos de origen cervical \u229b Blog Grupo Healthy Room\" \/>\n<meta property=\"og:description\" content=\"Ac\u00fafenos de origen cervical Los ac\u00fafenos o tinnitus se definen como la sensaci\u00f3n de sonido externo en el aparato auditivo que puede estar producido por diversas causas: alteraciones auditivas, nerviosas, cervicales o temporomandibulares.\u00a0 En cuanto a tratamiento fisioter\u00e1pico depender\u00e1 del origen y se centrar\u00e1 en los \u00faltimos mencionados, que suelen tener las siguientes causas: Alteraci\u00f3n ... Leer m\u00e1s\" \/>\n<meta property=\"og:url\" content=\"https:\/\/grupohealthyroom.es\/blog\/acufenos-origen-cervical\/\" \/>\n<meta property=\"og:site_name\" content=\"Blog Grupo Healthy Room\" \/>\n<meta property=\"article:published_time\" content=\"2021-10-29T09:19:04+00:00\" \/>\n<meta property=\"article:modified_time\" content=\"2022-07-08T09:22:46+00:00\" \/>\n<meta property=\"og:image\" content=\"https:\/\/grupohealthyroom.es\/blog\/wp-content\/uploads\/2021\/12\/acufenos-fisioterapia.jpg\" \/>\n\t<meta property=\"og:image:width\" content=\"1000\" \/>\n\t<meta property=\"og:image:height\" content=\"667\" \/>\n\t<meta property=\"og:image:type\" content=\"image\/jpeg\" \/>\n<meta name=\"author\" content=\"Arancha Monllor\" \/>\n<meta name=\"twitter:card\" content=\"summary_large_image\" \/>\n<meta name=\"twitter:label1\" content=\"Escrito por\" \/>\n\t<meta name=\"twitter:data1\" content=\"Arancha Monllor\" \/>\n\t<meta name=\"twitter:label2\" content=\"Tiempo de lectura\" \/>\n\t<meta name=\"twitter:data2\" content=\"2 minutos\" \/>\n<script type=\"application\/ld+json\" class=\"yoast-schema-graph\">{\"@context\":\"https:\/\/schema.org\",\"@graph\":[{\"@type\":[\"Article\",\"BlogPosting\"],\"@id\":\"https:\/\/grupohealthyroom.es\/blog\/acufenos-origen-cervical\/#article\",\"isPartOf\":{\"@id\":\"https:\/\/grupohealthyroom.es\/blog\/acufenos-origen-cervical\/\"},\"author\":{\"name\":\"Arancha Monllor\",\"@id\":\"https:\/\/grupohealthyroom.es\/blog\/#\/schema\/person\/87e122a5643b19a6bdec2a2a63d7e2a2\"},\"headline\":\"Ac\u00fafenos de origen cervical\",\"datePublished\":\"2021-10-29T09:19:04+00:00\",\"dateModified\":\"2022-07-08T09:22:46+00:00\",\"mainEntityOfPage\":{\"@id\":\"https:\/\/grupohealthyroom.es\/blog\/acufenos-origen-cervical\/\"},\"wordCount\":407,\"publisher\":{\"@id\":\"https:\/\/grupohealthyroom.es\/blog\/#organization\"},\"articleSection\":[\"Dolencias\"],\"inLanguage\":\"es\"},{\"@type\":[\"WebPage\",\"ItemPage\"],\"@id\":\"https:\/\/grupohealthyroom.es\/blog\/acufenos-origen-cervical\/\",\"url\":\"https:\/\/grupohealthyroom.es\/blog\/acufenos-origen-cervical\/\",\"name\":\"\u226b Ac\u00fafenos de origen cervical \u229b Blog Grupo Healthy Room\",\"isPartOf\":{\"@id\":\"https:\/\/grupohealthyroom.es\/blog\/#website\"},\"datePublished\":\"2021-10-29T09:19:04+00:00\",\"dateModified\":\"2022-07-08T09:22:46+00:00\",\"breadcrumb\":{\"@id\":\"https:\/\/grupohealthyroom.es\/blog\/acufenos-origen-cervical\/#breadcrumb\"},\"inLanguage\":\"es\",\"potentialAction\":[{\"@type\":\"ReadAction\",\"target\":[\"https:\/\/grupohealthyroom.es\/blog\/acufenos-origen-cervical\/\"]}]},{\"@type\":\"BreadcrumbList\",\"@id\":\"https:\/\/grupohealthyroom.es\/blog\/acufenos-origen-cervical\/#breadcrumb\",\"itemListElement\":[{\"@type\":\"ListItem\",\"position\":1,\"name\":\"Portada\",\"item\":\"https:\/\/grupohealthyroom.es\/blog\/\"},{\"@type\":\"ListItem\",\"position\":2,\"name\":\"Ac\u00fafenos de origen cervical\"}]},{\"@type\":\"WebSite\",\"@id\":\"https:\/\/grupohealthyroom.es\/blog\/#website\",\"url\":\"https:\/\/grupohealthyroom.es\/blog\/\",\"name\":\"Blog Grupo Healthy Room\",\"description\":\"Noticias sobre fisioterapia\",\"publisher\":{\"@id\":\"https:\/\/grupohealthyroom.es\/blog\/#organization\"},\"potentialAction\":[{\"@type\":\"SearchAction\",\"target\":{\"@type\":\"EntryPoint\",\"urlTemplate\":\"https:\/\/grupohealthyroom.es\/blog\/?s={search_term_string}\"},\"query-input\":\"required name=search_term_string\"}],\"inLanguage\":\"es\"},{\"@type\":\"Organization\",\"@id\":\"https:\/\/grupohealthyroom.es\/blog\/#organization\",\"name\":\"Blog Grupo Healthy Room\",\"url\":\"https:\/\/grupohealthyroom.es\/blog\/\",\"sameAs\":[],\"logo\":{\"@type\":\"ImageObject\",\"inLanguage\":\"es\",\"@id\":\"https:\/\/grupohealthyroom.es\/blog\/#\/schema\/logo\/image\/\",\"url\":\"https:\/\/grupohealthyroom.es\/blog\/wp-content\/uploads\/2021\/12\/cropped-LogoGrupoHealthyRoom-1.png\",\"contentUrl\":\"https:\/\/grupohealthyroom.es\/blog\/wp-content\/uploads\/2021\/12\/cropped-LogoGrupoHealthyRoom-1.png\",\"width\":1434,\"height\":418,\"caption\":\"Blog Grupo Healthy Room\"},\"image\":{\"@id\":\"https:\/\/grupohealthyroom.es\/blog\/#\/schema\/logo\/image\/\"}},{\"@type\":\"Person\",\"@id\":\"https:\/\/grupohealthyroom.es\/blog\/#\/schema\/person\/87e122a5643b19a6bdec2a2a63d7e2a2\",\"name\":\"Arancha Monllor\",\"image\":{\"@type\":\"ImageObject\",\"inLanguage\":\"es\",\"@id\":\"https:\/\/grupohealthyroom.es\/blog\/#\/schema\/person\/image\/\",\"url\":\"https:\/\/secure.gravatar.com\/avatar\/69cf585ded0d0414bc1eef0ba655d967966722baf0d61b97d61814f401130d7e?s=96&d=mm&r=g\",\"contentUrl\":\"https:\/\/secure.gravatar.com\/avatar\/69cf585ded0d0414bc1eef0ba655d967966722baf0d61b97d61814f401130d7e?s=96&d=mm&r=g\",\"caption\":\"Arancha Monllor\"},\"description\":\"Grado en fisioterapia. Experto en reeducaci\u00f3n del suelo p\u00e9lvico: aplicaci\u00f3n ginecol\u00f3gica, urol\u00f3gica, obst\u00e9trica y coloproctol\u00f3gica. Punci\u00f3n seca y electropunci\u00f3n. Ecograf\u00eda musculoesqueletica y de suelo p\u00e9lvico, neuromodulaci\u00f3n y EPI.\",\"url\":\"https:\/\/grupohealthyroom.es\/blog\/autor\/arancha-monllor\/\"}]}<\/script>\n<!-- \/ Yoast SEO plugin. -->","yoast_head_json":{"title":"\u226b Ac\u00fafenos de origen cervical \u229b Blog Grupo Healthy Room","robots":{"index":"index","follow":"follow","max-snippet":"max-snippet:-1","max-image-preview":"max-image-preview:large","max-video-preview":"max-video-preview:-1"},"canonical":"https:\/\/grupohealthyroom.es\/blog\/acufenos-origen-cervical\/","og_locale":"es_ES","og_type":"article","og_title":"\u226b Ac\u00fafenos de origen cervical \u229b Blog Grupo Healthy Room","og_description":"Ac\u00fafenos de origen cervical Los ac\u00fafenos o tinnitus se definen como la sensaci\u00f3n de sonido externo en el aparato auditivo que puede estar producido por diversas causas: alteraciones auditivas, nerviosas, cervicales o temporomandibulares.\u00a0 En cuanto a tratamiento fisioter\u00e1pico depender\u00e1 del origen y se centrar\u00e1 en los \u00faltimos mencionados, que suelen tener las siguientes causas: Alteraci\u00f3n ... Leer m\u00e1s","og_url":"https:\/\/grupohealthyroom.es\/blog\/acufenos-origen-cervical\/","og_site_name":"Blog Grupo Healthy Room","article_published_time":"2021-10-29T09:19:04+00:00","article_modified_time":"2022-07-08T09:22:46+00:00","og_image":[{"width":1000,"height":667,"url":"https:\/\/grupohealthyroom.es\/blog\/wp-content\/uploads\/2021\/12\/acufenos-fisioterapia.jpg","type":"image\/jpeg"}],"author":"Arancha Monllor","twitter_card":"summary_large_image","twitter_misc":{"Escrito por":"Arancha Monllor","Tiempo de lectura":"2 minutos"},"schema":{"@context":"https:\/\/schema.org","@graph":[{"@type":["Article","BlogPosting"],"@id":"https:\/\/grupohealthyroom.es\/blog\/acufenos-origen-cervical\/#article","isPartOf":{"@id":"https:\/\/grupohealthyroom.es\/blog\/acufenos-origen-cervical\/"},"author":{"name":"Arancha Monllor","@id":"https:\/\/grupohealthyroom.es\/blog\/#\/schema\/person\/87e122a5643b19a6bdec2a2a63d7e2a2"},"headline":"Ac\u00fafenos de origen cervical","datePublished":"2021-10-29T09:19:04+00:00","dateModified":"2022-07-08T09:22:46+00:00","mainEntityOfPage":{"@id":"https:\/\/grupohealthyroom.es\/blog\/acufenos-origen-cervical\/"},"wordCount":407,"publisher":{"@id":"https:\/\/grupohealthyroom.es\/blog\/#organization"},"articleSection":["Dolencias"],"inLanguage":"es"},{"@type":["WebPage","ItemPage"],"@id":"https:\/\/grupohealthyroom.es\/blog\/acufenos-origen-cervical\/","url":"https:\/\/grupohealthyroom.es\/blog\/acufenos-origen-cervical\/","name":"\u226b Ac\u00fafenos de origen cervical \u229b Blog Grupo Healthy Room","isPartOf":{"@id":"https:\/\/grupohealthyroom.es\/blog\/#website"},"datePublished":"2021-10-29T09:19:04+00:00","dateModified":"2022-07-08T09:22:46+00:00","breadcrumb":{"@id":"https:\/\/grupohealthyroom.es\/blog\/acufenos-origen-cervical\/#breadcrumb"},"inLanguage":"es","potentialAction":[{"@type":"ReadAction","target":["https:\/\/grupohealthyroom.es\/blog\/acufenos-origen-cervical\/"]}]},{"@type":"BreadcrumbList","@id":"https:\/\/grupohealthyroom.es\/blog\/acufenos-origen-cervical\/#breadcrumb","itemListElement":[{"@type":"ListItem","position":1,"name":"Portada","item":"https:\/\/grupohealthyroom.es\/blog\/"},{"@type":"ListItem","position":2,"name":"Ac\u00fafenos de origen cervical"}]},{"@type":"WebSite","@id":"https:\/\/grupohealthyroom.es\/blog\/#website","url":"https:\/\/grupohealthyroom.es\/blog\/","name":"Blog Grupo Healthy Room","description":"Noticias sobre fisioterapia","publisher":{"@id":"https:\/\/grupohealthyroom.es\/blog\/#organization"},"potentialAction":[{"@type":"SearchAction","target":{"@type":"EntryPoint","urlTemplate":"https:\/\/grupohealthyroom.es\/blog\/?s={search_term_string}"},"query-input":"required name=search_term_string"}],"inLanguage":"es"},{"@type":"Organization","@id":"https:\/\/grupohealthyroom.es\/blog\/#organization","name":"Blog Grupo Healthy Room","url":"https:\/\/grupohealthyroom.es\/blog\/","sameAs":[],"logo":{"@type":"ImageObject","inLanguage":"es","@id":"https:\/\/grupohealthyroom.es\/blog\/#\/schema\/logo\/image\/","url":"https:\/\/grupohealthyroom.es\/blog\/wp-content\/uploads\/2021\/12\/cropped-LogoGrupoHealthyRoom-1.png","contentUrl":"https:\/\/grupohealthyroom.es\/blog\/wp-content\/uploads\/2021\/12\/cropped-LogoGrupoHealthyRoom-1.png","width":1434,"height":418,"caption":"Blog Grupo Healthy Room"},"image":{"@id":"https:\/\/grupohealthyroom.es\/blog\/#\/schema\/logo\/image\/"}},{"@type":"Person","@id":"https:\/\/grupohealthyroom.es\/blog\/#\/schema\/person\/87e122a5643b19a6bdec2a2a63d7e2a2","name":"Arancha Monllor","image":{"@type":"ImageObject","inLanguage":"es","@id":"https:\/\/grupohealthyroom.es\/blog\/#\/schema\/person\/image\/","url":"https:\/\/secure.gravatar.com\/avatar\/69cf585ded0d0414bc1eef0ba655d967966722baf0d61b97d61814f401130d7e?s=96&d=mm&r=g","contentUrl":"https:\/\/secure.gravatar.com\/avatar\/69cf585ded0d0414bc1eef0ba655d967966722baf0d61b97d61814f401130d7e?s=96&d=mm&r=g","caption":"Arancha Monllor"},"description":"Grado en fisioterapia. Experto en reeducaci\u00f3n del suelo p\u00e9lvico: aplicaci\u00f3n ginecol\u00f3gica, urol\u00f3gica, obst\u00e9trica y coloproctol\u00f3gica. Punci\u00f3n seca y electropunci\u00f3n. Ecograf\u00eda musculoesqueletica y de suelo p\u00e9lvico, neuromodulaci\u00f3n y EPI.","url":"https:\/\/grupohealthyroom.es\/blog\/autor\/arancha-monllor\/"}]}},"_links":{"self":[{"href":"https:\/\/grupohealthyroom.es\/blog\/wp-json\/wp\/v2\/posts\/12","targetHints":{"allow":["GET"]}}],"collection":[{"href":"https:\/\/grupohealthyroom.es\/blog\/wp-json\/wp\/v2\/posts"}],"about":[{"href":"https:\/\/grupohealthyroom.es\/blog\/wp-json\/wp\/v2\/types\/post"}],"author":[{"embeddable":true,"href":"https:\/\/grupohealthyroom.es\/blog\/wp-json\/wp\/v2\/users\/3"}],"replies":[{"embeddable":true,"href":"https:\/\/grupohealthyroom.es\/blog\/wp-json\/wp\/v2\/comments?post=12"}],"version-history":[{"count":21,"href":"https:\/\/grupohealthyroom.es\/blog\/wp-json\/wp\/v2\/posts\/12\/revisions"}],"predecessor-version":[{"id":1214,"href":"https:\/\/grupohealthyroom.es\/blog\/wp-json\/wp\/v2\/posts\/12\/revisions\/1214"}],"wp:featuredmedia":[{"embeddable":true,"href":"https:\/\/grupohealthyroom.es\/blog\/wp-json\/wp\/v2\/media\/16"}],"wp:attachment":[{"href":"https:\/\/grupohealthyroom.es\/blog\/wp-json\/wp\/v2\/media?parent=12"}],"wp:term":[{"taxonomy":"category","embeddable":true,"href":"https:\/\/grupohealthyroom.es\/blog\/wp-json\/wp\/v2\/categories?post=12"},{"taxonomy":"post_tag","embeddable":true,"href":"https:\/\/grupohealthyroom.es\/blog\/wp-json\/wp\/v2\/tags?post=12"}],"curies":[{"name":"wp","href":"https:\/\/api.w.org\/{rel}","templated":true}]}}